{"id":2753,"date":"2025-09-27T13:32:13","date_gmt":"2025-09-27T10:32:13","guid":{"rendered":"https:\/\/kotkantaiteilijaseura.net\/sivut\/?p=2753"},"modified":"2025-12-10T15:01:59","modified_gmt":"2025-12-10T13:01:59","slug":"aava-tila-3-25-10-elise-perttula-if-i-die-we-all-die","status":"publish","type":"post","link":"http:\/\/kotkantaiteilijaseura.net\/sivut\/2025\/09\/aava-tila-3-25-10-elise-perttula-if-i-die-we-all-die\/","title":{"rendered":"Aava-tila: 3.-25.10, Elise Perttula \u2013 IF I DIE, WE ALL DIE"},"content":{"rendered":"\n<p>Hei ja tervetuloa Galleria Uusikuvan, Aava-tilan; lokakuussa avautuvaan n\u00e4yttelyyn!<\/p>\n\n\n\n<p>Avajaisia vietet\u00e4\u00e4n\u00a0<strong>perjantaina, 3.10, klo 17-19!<\/strong><\/p>\n\n\n\n<p><strong>Elise Perttula<\/strong><\/p>\n\n\n\n<p><em>\u201d<\/em>IF I DIE, WE ALL DIE &#8211; JOS MIN\u00c4 KUOLEN, ME KAIKKI KUOLEMME<em>\u201d<\/em><\/p>\n\n\n\n<p><em>&#8221;Ampiainen p\u00f6rr\u00e4si \u00e4rsytt\u00e4v\u00e4sti grillivartaani yll\u00e4 ja huitaisin sit\u00e4. Kiusankappale tipahti<br>terassin lattialle. Katsoin ampiaista tyytyv\u00e4isen\u00e4 \u2013 kunnes muistin:<\/em><br><\/p>\n\n\n\n<p><em>&#8221;If I die, we all die.\u201d<br><\/em><\/p>\n\n\n\n<p><em>Olin juuri tappanut yhden luonnon tehoty\u00f6l\u00e4isist\u00e4, t\u00e4rke\u00e4n p\u00f6lytt\u00e4j\u00e4n. Kuvittele kukkaketo t\u00e4ynn\u00e4 el\u00e4m\u00e4\u00e4 \u2013 keveit\u00e4 siiveniskuja, hiljaista surinaa, v\u00e4rien ilotulitusta.<\/em>&#8221;<br><\/p>\n\n\n\n<p>&#8221;Olen kuvataiteilija Elise Perttula ja maalauksissani kukkakedot erilaisine p\u00f6rri\u00e4isineen seikkailevat mielikuvituksen ja todellisuuden v\u00e4limaastossa. Iloinen ja runsas el\u00e4m\u00e4 kuljettaa eteenp\u00e4in ja kuorruttaa kaiken v\u00e4rien runsaudella. Ilon ja onnen siivellisiin hetkiin kytkeytyy my\u00f6s toisenlainen sanoma. <\/p>\n\n\n\n<p>N\u00e4yttelyni nimi &#8221;<em>If I die, we all die<\/em>&#8221; &#8211; on muistutus siit\u00e4, ett\u00e4 ilman p\u00f6rri\u00e4isi\u00e4 koko ekosysteemi horjuu. Jos p\u00f6lytt\u00e4j\u00e4t katoavat, mekin olemme pulassa. P\u00f6lytt\u00e4j\u00e4t ovat my\u00f6s esimerkki diversiteetin t\u00e4rkeydest\u00e4, niin luonnossa kuin yhteiskunnassakin. N\u00e4yttelyss\u00e4 saatat pys\u00e4hty\u00e4 miettim\u00e4\u00e4n voiko piikik\u00e4s p\u00f6rri\u00e4inen<br>sittenkin olla mukava, kaunis ja t\u00e4rke\u00e4 vai hullaannutko vain perhosen herkkyydest\u00e4?<br><\/p>\n\n\n\n<p>Voimme kaikki paremmin, kun tunnistamme ennakkoluulomme ja ymm\u00e4rr\u00e4mme<br>monimuotoisuuden t\u00e4rkeyden. En kuitenkaan halua synkistell\u00e4 tai pelotella. Maalauksissani kaikki siivekk\u00e4\u00e4t \u2013 niin perhoset, mehil\u00e4iset kuin ampiaisetkin \u2013 lentelev\u00e4t maisemassa yht\u00e4 t\u00e4rkein\u00e4 ja iloisina. Ne symboloivat sit\u00e4, miten pienetkin asiat ovat ratkaisevan merkityksellisi\u00e4.<br><\/p>\n\n\n\n<p>Tervetuloa katsomaan ja kokemaan itse. Ehk\u00e4 l\u00e4hdet n\u00e4yttelyst\u00e4 mukanasi ripaus viime kes\u00e4n tuntua ja ajatusta siit\u00e4, ett\u00e4 meist\u00e4 jokainen voi olla osa ratkaisua luonnon ja yhteiskunnan hyv\u00e4ksi\u2026 vaikka vain hyv\u00e4ksym\u00e4ll\u00e4 muutkin grillivartaan nauttijat.<em>&#8221;<\/em><\/p>\n\n\n\n<p><strong>L\u00e4mpim\u00e4sti tervetuloa!<\/strong><\/p>\n","protected":false},"excerpt":{"rendered":"<p>Hei ja tervetuloa Galleria Uusikuvan, Aava-tilan; lokakuussa avautuvaan n\u00e4yttelyyn! Avajaisia vietet\u00e4\u00e4n\u00a0perjantaina, 3.10, klo 17-19! Elise Perttula \u201dIF I DIE, WE ALL DIE &#8211; JOS MIN\u00c4 KUOLEN, ME KAIKKI KUOLEMME\u201d &#8221;Ampiainen&#8230;<\/p>\n","protected":false},"author":2,"featured_media":2754,"comment_status":"closed","ping_status":"open","sticky":false,"template":"","format":"standard","meta":{"footnotes":""},"categories":[25,32,83,1],"tags":[68,37,27,28,35],"_links":{"self":[{"href":"http:\/\/kotkantaiteilijaseura.net\/sivut\/wp-json\/wp\/v2\/posts\/2753"}],"collection":[{"href":"http:\/\/kotkantaiteilijaseura.net\/sivut\/wp-json\/wp\/v2\/posts"}],"about":[{"href":"http:\/\/kotkantaiteilijaseura.net\/sivut\/wp-json\/wp\/v2\/types\/post"}],"author":[{"embeddable":true,"href":"http:\/\/kotkantaiteilijaseura.net\/sivut\/wp-json\/wp\/v2\/users\/2"}],"replies":[{"embeddable":true,"href":"http:\/\/kotkantaiteilijaseura.net\/sivut\/wp-json\/wp\/v2\/comments?post=2753"}],"version-history":[{"count":2,"href":"http:\/\/kotkantaiteilijaseura.net\/sivut\/wp-json\/wp\/v2\/posts\/2753\/revisions"}],"predecessor-version":[{"id":2756,"href":"http:\/\/kotkantaiteilijaseura.net\/sivut\/wp-json\/wp\/v2\/posts\/2753\/revisions\/2756"}],"wp:featuredmedia":[{"embeddable":true,"href":"http:\/\/kotkantaiteilijaseura.net\/sivut\/wp-json\/wp\/v2\/media\/2754"}],"wp:attachment":[{"href":"http:\/\/kotkantaiteilijaseura.net\/sivut\/wp-json\/wp\/v2\/media?parent=2753"}],"wp:term":[{"taxonomy":"category","embeddable":true,"href":"http:\/\/kotkantaiteilijaseura.net\/sivut\/wp-json\/wp\/v2\/categories?post=2753"},{"taxonomy":"post_tag","embeddable":true,"href":"http:\/\/kotkantaiteilijaseura.net\/sivut\/wp-json\/wp\/v2\/tags?post=2753"}],"curies":[{"name":"wp","href":"https:\/\/api.w.org\/{rel}","templated":true}]}}