{"id":2727,"date":"2025-07-29T17:31:57","date_gmt":"2025-07-29T14:31:57","guid":{"rendered":"https:\/\/kotkantaiteilijaseura.net\/sivut\/?p=2727"},"modified":"2025-09-27T13:33:11","modified_gmt":"2025-09-27T10:33:11","slug":"aava-tila-1-8-23-8-tuuli-helve-hailyvia-lajikokoonpanoja-siirtoistutuksia","status":"publish","type":"post","link":"http:\/\/kotkantaiteilijaseura.net\/sivut\/2025\/07\/aava-tila-1-8-23-8-tuuli-helve-hailyvia-lajikokoonpanoja-siirtoistutuksia\/","title":{"rendered":"Aava-Tila: 1.8.-23.8, Tuuli Helve \u2013 H\u00e4ilyvi\u00e4-Lajikokoonpanoja-Siirtoistutuksia"},"content":{"rendered":"\n<p>Hei ja tervetuloa Galleria Uusikuvan, Aava-tilan; elokuussa avautuvaan n\u00e4yttelyyn!<\/p>\n\n\n\n<p>Avajaisia vietet\u00e4\u00e4n\u00a0<strong>perjantaina, 1.8, klo 17-19!<\/strong><\/p>\n\n\n\n<p><strong>Tuuli Helve<\/strong><br><em>&#8221;H\u00e4ilyvi\u00e4-Lajikokoonpanoja-Siirtoistutuksia&#8221;<\/em><\/p>\n\n\n\n<p class=\"has-small-font-size\"><em>&#8221;H\u00e4ilyvi\u00e4<br><br>Rakensin Aava -tilaan kollaaseista koostuvia kokonaisuuksia &#8211; et\u00e4\u00e4nnytettyj\u00e4<br>luonto -imitaatioita. Materiaalin ker\u00e4\u00e4minen ja kuvaaminen ovat muistiinpanoja<br>luontohavainnoista pitk\u00e4n aikav\u00e4lin sis\u00e4ll\u00e4.<\/em><br><br><em>Lajikokoonpanoja<br><br>Mustavalkoiset hy\u00f6nteisten kuvat toimivat val\u00f6\u00f6rien, orgaanisten<br>muodostelmien sek\u00e4 vapaasti ilmassa leijuvien massojen rakennusmateriaalina.<br>Toisto ja p\u00e4\u00e4llekk\u00e4iset kerrokset kasaantuvat tummiksi, toisiinsa kietoutuneiksi<br>hy\u00f6nteisparviksi tilassa. Hy\u00f6nteislajiston kirjo ja koristeellinen graafisuus n\u00e4kyy<br>l\u00e4helt\u00e4 katsottuna selke\u00e4mmin ja toistuu my\u00f6s varjoina l\u00e4pikuultavien teosten<br>takana. Monimuotoisissa kollaaseissa on mukana jo kadonneita lajeja sek\u00e4 my\u00f6s<br>kuvitteellisia, uusiksi muuntuneita yksil\u00f6it\u00e4.<br><br>Siirtoistutuksia<br><br>L\u00e4hikuvissa ovat maalaukselliset v\u00e4risommitelmat, joiden materiaali l\u00f6ytyi<br>maasta, esimerkiksi l\u00e4hiluonnosta py\u00f6r\u00e4illess\u00e4 kodin ja ty\u00f6huoneen v\u00e4li\u00e4.<br>Tuoreiden ja jo kuivahtaneiden luonnon materiaalien yksityiskohdat ja<br>p\u00e4\u00e4llekk\u00e4iset, l\u00e4pikuultavina h\u00e4ilyv\u00e4t tasot luovat aikakerrostumia kuvien<br>sis\u00e4lle.&#8221;<\/em><\/p>\n\n\n\n<p>Tuuli Helve on Helsinkil\u00e4inen kuvataiteilija, joka ty\u00f6skentelee mm. kollaasien, videon, \u00e4\u00e4nen ja tilan<br>kanssa. H\u00e4nen teoksensa ovat usein valokuvapohjaisia, laajapintaisia kokonaisuuksia tilaan.<br>H\u00e4nell\u00e4 on monipuolinen taiteellinen koulutus ja h\u00e4n on valmistunut taiteen maisteriksi<br>Taideteollisen korkeakoulun PALLAS -kuvataiteiden maisteriohjelmasta. Helven viimeisin<br>yksityisn\u00e4yttely oli GalleriaKONEessa, H\u00e4meenlinnassa ja h\u00e4n on osallistunut my\u00f6s ryhm\u00e4n\u00e4yttelyihin<br>koti -ja ulkomailla 1990 -luvulta alkaen.<br><br>tuulihelve.com<\/p>\n\n\n\n<p><strong>L\u00e4mpim\u00e4sti tervetuloa!!<\/strong><\/p>\n","protected":false},"excerpt":{"rendered":"<p>Hei ja tervetuloa Galleria Uusikuvan, Aava-tilan; elokuussa avautuvaan n\u00e4yttelyyn! Avajaisia vietet\u00e4\u00e4n\u00a0perjantaina, 1.8, klo 17-19! Tuuli Helve&#8221;H\u00e4ilyvi\u00e4-Lajikokoonpanoja-Siirtoistutuksia&#8221; &#8221;H\u00e4ilyvi\u00e4 Rakensin Aava -tilaan kollaaseista koostuvia kokonaisuuksia &#8211; et\u00e4\u00e4nnytettyj\u00e4luonto -imitaatioita. Materiaalin ker\u00e4\u00e4minen ja kuvaaminen&#8230;<\/p>\n","protected":false},"author":2,"featured_media":2728,"comment_status":"closed","ping_status":"open","sticky":false,"template":"","format":"standard","meta":{"footnotes":""},"categories":[25,32,83,1],"tags":[68,37,27,28,35],"_links":{"self":[{"href":"http:\/\/kotkantaiteilijaseura.net\/sivut\/wp-json\/wp\/v2\/posts\/2727"}],"collection":[{"href":"http:\/\/kotkantaiteilijaseura.net\/sivut\/wp-json\/wp\/v2\/posts"}],"about":[{"href":"http:\/\/kotkantaiteilijaseura.net\/sivut\/wp-json\/wp\/v2\/types\/post"}],"author":[{"embeddable":true,"href":"http:\/\/kotkantaiteilijaseura.net\/sivut\/wp-json\/wp\/v2\/users\/2"}],"replies":[{"embeddable":true,"href":"http:\/\/kotkantaiteilijaseura.net\/sivut\/wp-json\/wp\/v2\/comments?post=2727"}],"version-history":[{"count":4,"href":"http:\/\/kotkantaiteilijaseura.net\/sivut\/wp-json\/wp\/v2\/posts\/2727\/revisions"}],"predecessor-version":[{"id":2739,"href":"http:\/\/kotkantaiteilijaseura.net\/sivut\/wp-json\/wp\/v2\/posts\/2727\/revisions\/2739"}],"wp:featuredmedia":[{"embeddable":true,"href":"http:\/\/kotkantaiteilijaseura.net\/sivut\/wp-json\/wp\/v2\/media\/2728"}],"wp:attachment":[{"href":"http:\/\/kotkantaiteilijaseura.net\/sivut\/wp-json\/wp\/v2\/media?parent=2727"}],"wp:term":[{"taxonomy":"category","embeddable":true,"href":"http:\/\/kotkantaiteilijaseura.net\/sivut\/wp-json\/wp\/v2\/categories?post=2727"},{"taxonomy":"post_tag","embeddable":true,"href":"http:\/\/kotkantaiteilijaseura.net\/sivut\/wp-json\/wp\/v2\/tags?post=2727"}],"curies":[{"name":"wp","href":"https:\/\/api.w.org\/{rel}","templated":true}]}}