{"id":2716,"date":"2025-05-31T18:40:22","date_gmt":"2025-05-31T15:40:22","guid":{"rendered":"http:\/\/kotkantaiteilijaseura.net\/sivut\/?p=2716"},"modified":"2025-07-29T17:23:43","modified_gmt":"2025-07-29T14:23:43","slug":"aava-tila-6-6-28-6-2025-viivi-kiiskinen-anni-sofia-knuuttila-ja-reeta-leinonen-is-this-the-party","status":"publish","type":"post","link":"http:\/\/kotkantaiteilijaseura.net\/sivut\/2025\/05\/aava-tila-6-6-28-6-2025-viivi-kiiskinen-anni-sofia-knuuttila-ja-reeta-leinonen-is-this-the-party\/","title":{"rendered":"Aava-tila, 6.6.-28.6.2025, Viivi Kiiskinen, Anni-Sofia Knuuttila ja Reeta Leinonen &#8211; IS THIS THE PARTY?"},"content":{"rendered":"\n<p>Hei ja tervetuloa Galleria Uusikuvan, Aava-tilan, kes\u00e4kuussa avautuvaan n\u00e4yttelyyn!<\/p>\n\n\n\n<p>Avajaisia vietet\u00e4\u00e4n\u00a0<strong>perjantaina, 6.6, klo 17-19<\/strong>!<\/p>\n\n\n\n<p><\/p>\n\n\n\n<p><em>&#8221;Tila on tyhj\u00e4 lukuunottamatta tarjoiltavia ja koristeita. Juhlat eiv\u00e4t ole viel\u00e4 alkaneet \u2014 tai ehk\u00e4 niit\u00e4 ei ikin\u00e4 vietetty. Tila on koristeltu juhlia varten: pinkki levitt\u00e4ytyy iloisena ja r\u00e4ike\u00e4n\u00e4 pitkin huonetta. Pursuileva kakku seisoo keskell\u00e4 p\u00f6yt\u00e4\u00e4 kuin n\u00e4yttelij\u00e4, joka odottaa vuoroaan. Miss\u00e4 kaikki vieraat ovat? Tuntuu aivan kuin olisit k\u00e4vellyt esityksen kulisseihin. Ket\u00e4 varten p\u00f6yt\u00e4 on katettu &#8211; onko aihetta juhlaan?<\/em> &#8221;<\/p>\n\n\n\n<p>Kolmen kuvataiteilijan yhteisn\u00e4yttelyss\u00e4 Kotkan Galleria Uusikuvassa n\u00e4hd\u00e4\u00e4n v\u00e4rik\u00e4s kulttuurin juhla, jossa kukin ty\u00f6ryhm\u00e4n j\u00e4sen pohtii omista l\u00e4ht\u00f6kohdistaan taiteen tekij\u00e4n ja taiteen asemaa t\u00e4ss\u00e4 hetkess\u00e4. Hilpe\u00e4n ja v\u00e4rikk\u00e4\u00e4n tunnelman takaa paljastuu eri kerroksia ja tulkintaan nousee my\u00f6s ep\u00e4varmuuden, erillisyyden ja v\u00e4symyksen s\u00e4vyj\u00e4.\u00a0 Aihetta l\u00e4hestyt\u00e4\u00e4n monipuolisesti eri tekniikoiden kautta, t\u00f6iden levitt\u00e4ytyess\u00e4 ymp\u00e4ri galleriatilaa.\u00a0<\/p>\n\n\n\n<p><em>Keskelle huonetta installoituu Viivi Kiiskisen ylt\u00e4kyll\u00e4isesti pursuava pinkki p\u00f6yt\u00e4, joka v\u00e4litt\u00f6m\u00e4sti kutsuu n\u00e4yttelyn vieraat osallistumaan kulttuurin kulutusjuhliin. Anni-Sofia Knuuttilan kierr\u00e4tetyist\u00e4 materiaaleista valmistetut sisustusinstallaatiot luovat juhlaymp\u00e4rist\u00f6\u00f6n tilannetta kriittisesti tarkastelevaa tunnelmaa. Juhlien vieraat esiintyv\u00e4t Reeta Leinosen v\u00e4rikk\u00e4iss\u00e4 maalauksissa, miss\u00e4 kuvataan kaatuvia, horjahtavia ja kompuroivia ihmisi\u00e4.\u00a0<\/em><\/p>\n\n\n\n<p><em>TAUSTAA<\/em>:<\/p>\n\n\n\n<p><em>Kuvataiteilijat Viivi Kiiskinen (s. 1990), Anni-Sofia Knuuttila (s. 1989)\u00a0 ja Reeta Leinonen (s. 1991) muodostavat ty\u00f6ryhm\u00e4n, jonka ensimm\u00e4inen yhteisn\u00e4yttely on esill\u00e4 Kotkan Galleria Uusikuvassa kes\u00e4kuussa 2025. Taiteilijat tapasivat toisensa opiskellessaan samalla vuosikurssilla kuvataiteilijaksi silloisessa Saimaan ammattikorkeakoulussa Imatralla. Vuosien varrella opiskelutoveruudesta on kasvanut vahva kollegiaalinen side. Ty\u00f6ryhm\u00e4n yhteisty\u00f6 jatkuu tulevaisuudessa tuoden syvemp\u00e4\u00e4 ymm\u00e4rryst\u00e4 ty\u00f6skentelyss\u00e4 riste\u00e4viin teemoihin ja taiteilijan roolin k\u00e4sittelyyn alati muuttuvassa taidekent\u00e4ss\u00e4.<\/em>&#8221;<\/p>\n\n\n\n<p><\/p>\n\n\n\n<p><strong>Tervetuloa avajaisiin!<\/strong><\/p>\n","protected":false},"excerpt":{"rendered":"<p>Hei ja tervetuloa Galleria Uusikuvan, Aava-tilan, kes\u00e4kuussa avautuvaan n\u00e4yttelyyn! Avajaisia vietet\u00e4\u00e4n\u00a0perjantaina, 6.6, klo 17-19! &#8221;Tila on tyhj\u00e4 lukuunottamatta tarjoiltavia ja koristeita. Juhlat eiv\u00e4t ole viel\u00e4 alkaneet \u2014 tai ehk\u00e4 niit\u00e4&#8230;<\/p>\n","protected":false},"author":2,"featured_media":2717,"comment_status":"closed","ping_status":"open","sticky":false,"template":"","format":"standard","meta":{"footnotes":""},"categories":[25,32,83,1],"tags":[68,37,27,28,35,38,29],"_links":{"self":[{"href":"http:\/\/kotkantaiteilijaseura.net\/sivut\/wp-json\/wp\/v2\/posts\/2716"}],"collection":[{"href":"http:\/\/kotkantaiteilijaseura.net\/sivut\/wp-json\/wp\/v2\/posts"}],"about":[{"href":"http:\/\/kotkantaiteilijaseura.net\/sivut\/wp-json\/wp\/v2\/types\/post"}],"author":[{"embeddable":true,"href":"http:\/\/kotkantaiteilijaseura.net\/sivut\/wp-json\/wp\/v2\/users\/2"}],"replies":[{"embeddable":true,"href":"http:\/\/kotkantaiteilijaseura.net\/sivut\/wp-json\/wp\/v2\/comments?post=2716"}],"version-history":[{"count":1,"href":"http:\/\/kotkantaiteilijaseura.net\/sivut\/wp-json\/wp\/v2\/posts\/2716\/revisions"}],"predecessor-version":[{"id":2718,"href":"http:\/\/kotkantaiteilijaseura.net\/sivut\/wp-json\/wp\/v2\/posts\/2716\/revisions\/2718"}],"wp:featuredmedia":[{"embeddable":true,"href":"http:\/\/kotkantaiteilijaseura.net\/sivut\/wp-json\/wp\/v2\/media\/2717"}],"wp:attachment":[{"href":"http:\/\/kotkantaiteilijaseura.net\/sivut\/wp-json\/wp\/v2\/media?parent=2716"}],"wp:term":[{"taxonomy":"category","embeddable":true,"href":"http:\/\/kotkantaiteilijaseura.net\/sivut\/wp-json\/wp\/v2\/categories?post=2716"},{"taxonomy":"post_tag","embeddable":true,"href":"http:\/\/kotkantaiteilijaseura.net\/sivut\/wp-json\/wp\/v2\/tags?post=2716"}],"curies":[{"name":"wp","href":"https:\/\/api.w.org\/{rel}","templated":true}]}}