{"id":2588,"date":"2025-01-31T19:16:26","date_gmt":"2025-01-31T17:16:26","guid":{"rendered":"http:\/\/kotkantaiteilijaseura.net\/sivut\/?p=2588"},"modified":"2025-04-08T12:26:45","modified_gmt":"2025-04-08T09:26:45","slug":"koko-tila-7-2-1-3-plusmiinus-3","status":"publish","type":"post","link":"http:\/\/kotkantaiteilijaseura.net\/sivut\/2025\/01\/koko-tila-7-2-1-3-plusmiinus-3\/","title":{"rendered":"KOKO TILA: 7.2.-1.3, &#8221;Plusmiinus.3&#8221;"},"content":{"rendered":"\n<p>Hei ja tervetuloa Galleria Uusikuvan<strong>\u00a0<\/strong>uuteen, helmikuun 7.2.-1.3 avautuvaan ryhm\u00e4n\u00e4yttelyyn:<\/p>\n\n\n\n<p><strong>&#8221;Plusmiinus.3&#8221;<\/strong><\/p>\n\n\n\n<p>&#8212;&#8212;&#8212;&#8212;&#8212;<\/p>\n\n\n\n<p><em><strong>&#8221;<\/strong>Galleria Uusikuvan n\u00e4yttelyss\u00e4 on esill\u00e4 teoksia yhdeks\u00e4lt\u00e4 taiteilijalta. N\u00e4yttely esittelee laajasti taiteen eri medioita &#8211; veistos- ja installaatiotaidetta, tekstiili- ja lasitaidetta, videotaidetta, taidegrafiikkaa sek\u00e4 maalaus- ja katutaidetta. Moni\u00e4\u00e4nisen kokonaisuuden teemoista nousevat esiin kysymykset luonnon monimuotoisuudesta, politiikasta, naiseudesta, sattumanvaraisuudesta, ihmisoikeuksista jne.&nbsp;<\/em><\/p>\n\n\n\n<p><em>Plusmiinus on monikansallinen taiteilijaryhm\u00e4, Ranskasta, Ruotsista, Suomesta ja Isosta-Britanniasta. Taiteilijan ty\u00f6n ohessa ryhm\u00e4n j\u00e4senet ovat ty\u00f6skennelleet freelancer museomestareina p\u00e4\u00e4kaupunkiseudun museoissa.&#8221;<\/em><\/p>\n\n\n\n<p>&#8212;&#8212;&#8212;&#8212;&#8212;<\/p>\n\n\n\n<p>N\u00e4yttelyn taiteilijat:&nbsp;<strong>Dan Beard<\/strong>&nbsp;(UK),&nbsp;<strong>Juha Fors<\/strong>&nbsp;(FI),&nbsp;<strong>Sini Havukainen<\/strong>&nbsp;(FI),&nbsp;<strong>Mirka H\u00e4m\u00e4l\u00e4inen<\/strong>&nbsp;(FI),&nbsp;<strong>Kimmo Kumela<\/strong>&nbsp;(FI),&nbsp;<strong>Heidi Lahtinen<\/strong>&nbsp;(FI),&nbsp;<strong>Jaakko Leeve<\/strong>&nbsp;(FI),&nbsp;<strong>Robin Lindqvist<\/strong>&nbsp;(SWE\/FI),&nbsp;<strong>Nelly Toussaint&nbsp;<\/strong>(FR)<\/p>\n\n\n\n<p><strong>Avajaiset klo. 17:00-1900!<\/strong><\/p>\n\n\n\n<p><strong><em>L\u00c4MPIM\u00c4STI TERVETULOA!!<\/em><\/strong><\/p>\n","protected":false},"excerpt":{"rendered":"<p>Hei ja tervetuloa Galleria Uusikuvan\u00a0uuteen, helmikuun 7.2.-1.3 avautuvaan ryhm\u00e4n\u00e4yttelyyn: &#8221;Plusmiinus.3&#8221; &#8212;&#8212;&#8212;&#8212;&#8212; &#8221;Galleria Uusikuvan n\u00e4yttelyss\u00e4 on esill\u00e4 teoksia yhdeks\u00e4lt\u00e4 taiteilijalta. N\u00e4yttely esittelee laajasti taiteen eri medioita &#8211; veistos- ja installaatiotaidetta, tekstiili-&#8230;<\/p>\n","protected":false},"author":2,"featured_media":2590,"comment_status":"closed","ping_status":"open","sticky":false,"template":"","format":"standard","meta":{"footnotes":""},"categories":[25,32,83],"tags":[68,37,27,28,35,38,29],"_links":{"self":[{"href":"http:\/\/kotkantaiteilijaseura.net\/sivut\/wp-json\/wp\/v2\/posts\/2588"}],"collection":[{"href":"http:\/\/kotkantaiteilijaseura.net\/sivut\/wp-json\/wp\/v2\/posts"}],"about":[{"href":"http:\/\/kotkantaiteilijaseura.net\/sivut\/wp-json\/wp\/v2\/types\/post"}],"author":[{"embeddable":true,"href":"http:\/\/kotkantaiteilijaseura.net\/sivut\/wp-json\/wp\/v2\/users\/2"}],"replies":[{"embeddable":true,"href":"http:\/\/kotkantaiteilijaseura.net\/sivut\/wp-json\/wp\/v2\/comments?post=2588"}],"version-history":[{"count":1,"href":"http:\/\/kotkantaiteilijaseura.net\/sivut\/wp-json\/wp\/v2\/posts\/2588\/revisions"}],"predecessor-version":[{"id":2591,"href":"http:\/\/kotkantaiteilijaseura.net\/sivut\/wp-json\/wp\/v2\/posts\/2588\/revisions\/2591"}],"wp:featuredmedia":[{"embeddable":true,"href":"http:\/\/kotkantaiteilijaseura.net\/sivut\/wp-json\/wp\/v2\/media\/2590"}],"wp:attachment":[{"href":"http:\/\/kotkantaiteilijaseura.net\/sivut\/wp-json\/wp\/v2\/media?parent=2588"}],"wp:term":[{"taxonomy":"category","embeddable":true,"href":"http:\/\/kotkantaiteilijaseura.net\/sivut\/wp-json\/wp\/v2\/categories?post=2588"},{"taxonomy":"post_tag","embeddable":true,"href":"http:\/\/kotkantaiteilijaseura.net\/sivut\/wp-json\/wp\/v2\/tags?post=2588"}],"curies":[{"name":"wp","href":"https:\/\/api.w.org\/{rel}","templated":true}]}}