{"id":2299,"date":"2023-08-04T19:00:42","date_gmt":"2023-08-04T16:00:42","guid":{"rendered":"http:\/\/kotkantaiteilijaseura.net\/sivut\/?p=2299"},"modified":"2023-09-05T15:36:19","modified_gmt":"2023-09-05T12:36:19","slug":"aava-11-8-2-9-2023-samuli-heimonen-yo-ja-paiva","status":"publish","type":"post","link":"http:\/\/kotkantaiteilijaseura.net\/sivut\/2023\/08\/aava-11-8-2-9-2023-samuli-heimonen-yo-ja-paiva\/","title":{"rendered":"AAVA: 11.8.-2.9.2023 Samuli Heimonen &#8211; Y\u00f6 ja p\u00e4iv\u00e4"},"content":{"rendered":"\n<p>AAVA: Samuli Heimonen &#8211; Y\u00f6 ja p\u00e4iv\u00e4<\/p>\n\n\n\n<p><em>\u201dN\u00e4yttelyn nimi \u201dY\u00f6 ja p\u00e4iv\u00e4\u201d viittaa Mayojen myyttiseen j\u00e4rjestykseen, jossa p\u00e4iv\u00e4 tarkoitti tavallista el\u00e4m\u00e4\u00e4 ja maata. Y\u00f6 puolestaan merkitsi esi-isien ja henkien maanalaista maailmaa, josta my\u00f6s kasvien uskottiin saaneen alkunsa. Jaguaari oli Mayoille kunnioitettu ja pel\u00e4tty el\u00e4in ja sen uskottiin kulkevan maailmojen v\u00e4lill\u00e4.&nbsp;<\/em><\/p>\n\n\n\n<p><em>Maalausteni l\u00e4ht\u00f6kohtana ovat el\u00e4imet ja erityisesti niiden kasvot. Kuvat ovat vapaasti ajatellen muotokuvia mutta ne eiv\u00e4t varsinaisesti kuvaa mit\u00e4\u00e4n erityist\u00e4 persoonaa tai olentoa vaan tutkin kasvojen kautta kahden maailman rajaa. Useat maalaukset ovat jaettu kahtia ja p\u00e4\u00e4osassa onkin itse raja ja mit\u00e4 se rajaa. N\u00e4yttelyn el\u00e4imet tai tarinat eiv\u00e4t liity erityisesti mihink\u00e4\u00e4n tiettyyn myyttiseen traditioon vaan olen l\u00e4hestynyt teemaani vapaasti: lainaillen ja uusia n\u00e4k\u00f6kulmia rakentaen. Kun y\u00f6 ja p\u00e4iv\u00e4 kohtaavat, kohtaavat samalla my\u00f6s it\u00e4 ja l\u00e4nsi sek\u00e4 todellinen ja kuviteltu.<\/em> \u201d<\/p>\n","protected":false},"excerpt":{"rendered":"<p>AAVA: Samuli Heimonen &#8211; Y\u00f6 ja p\u00e4iv\u00e4 \u201dN\u00e4yttelyn nimi \u201dY\u00f6 ja p\u00e4iv\u00e4\u201d viittaa Mayojen myyttiseen j\u00e4rjestykseen, jossa p\u00e4iv\u00e4 tarkoitti tavallista el\u00e4m\u00e4\u00e4 ja maata. Y\u00f6 puolestaan merkitsi esi-isien ja henkien maanalaista&#8230;<\/p>\n","protected":false},"author":2,"featured_media":2300,"comment_status":"closed","ping_status":"open","sticky":false,"template":"","format":"standard","meta":{"footnotes":""},"categories":[25,32,66,1],"tags":[],"_links":{"self":[{"href":"http:\/\/kotkantaiteilijaseura.net\/sivut\/wp-json\/wp\/v2\/posts\/2299"}],"collection":[{"href":"http:\/\/kotkantaiteilijaseura.net\/sivut\/wp-json\/wp\/v2\/posts"}],"about":[{"href":"http:\/\/kotkantaiteilijaseura.net\/sivut\/wp-json\/wp\/v2\/types\/post"}],"author":[{"embeddable":true,"href":"http:\/\/kotkantaiteilijaseura.net\/sivut\/wp-json\/wp\/v2\/users\/2"}],"replies":[{"embeddable":true,"href":"http:\/\/kotkantaiteilijaseura.net\/sivut\/wp-json\/wp\/v2\/comments?post=2299"}],"version-history":[{"count":1,"href":"http:\/\/kotkantaiteilijaseura.net\/sivut\/wp-json\/wp\/v2\/posts\/2299\/revisions"}],"predecessor-version":[{"id":2301,"href":"http:\/\/kotkantaiteilijaseura.net\/sivut\/wp-json\/wp\/v2\/posts\/2299\/revisions\/2301"}],"wp:featuredmedia":[{"embeddable":true,"href":"http:\/\/kotkantaiteilijaseura.net\/sivut\/wp-json\/wp\/v2\/media\/2300"}],"wp:attachment":[{"href":"http:\/\/kotkantaiteilijaseura.net\/sivut\/wp-json\/wp\/v2\/media?parent=2299"}],"wp:term":[{"taxonomy":"category","embeddable":true,"href":"http:\/\/kotkantaiteilijaseura.net\/sivut\/wp-json\/wp\/v2\/categories?post=2299"},{"taxonomy":"post_tag","embeddable":true,"href":"http:\/\/kotkantaiteilijaseura.net\/sivut\/wp-json\/wp\/v2\/tags?post=2299"}],"curies":[{"name":"wp","href":"https:\/\/api.w.org\/{rel}","templated":true}]}}