{"id":2281,"date":"2023-06-30T12:00:00","date_gmt":"2023-06-30T09:00:00","guid":{"rendered":"http:\/\/kotkantaiteilijaseura.net\/sivut\/?p=2281"},"modified":"2023-08-04T16:15:59","modified_gmt":"2023-08-04T13:15:59","slug":"24-kotkan-taiteilijaseuran-jasennayttely","status":"publish","type":"post","link":"http:\/\/kotkantaiteilijaseura.net\/sivut\/2023\/06\/24-kotkan-taiteilijaseuran-jasennayttely\/","title":{"rendered":"Kotkan Taiteilijaseuran j\u00e4senn\u00e4yttely"},"content":{"rendered":"\n<h4 class=\"wp-block-heading\">24 Kotkan Taiteilijaseuran j\u00e4sent\u00e4 esitt\u00e4ytyy Porvoon Taidetehtaalla Galleria Kulman tiloissa 30.6.-3.9.2023. <\/h4>\n\n\n\n<h4 class=\"wp-block-heading\">N\u00e4yttelyn kuraattorina on toiminunut seuran j\u00e4sen Marko Turunen.<br><br>N\u00e4yttelyss\u00e4 esill\u00e4 olevat taiteilijat: Anne-Maria Bj\u00f6rninen, Eija Ylinen-Virtanen, Ekaterina Kosonen, Filipp Diatchenko Jasenovich, Hanna Sophie Andr\u00e9asen, Hannu Matilainen, Helena Paakkinen, Heta Kananen, Iina Torikka, Inka G\u00fcnther, Jean-Erik Kullberg, Juha Vasku, Kristina Elo, Leena Karjalainen, Leena Laiho, Leena-Riitta Salminen, Mari Sihvonen, Mikko Kallavuo, Nina Vezi, Raila Vainonen, Riikka Kronstr\u00f6m-Johansson, Tiina Lempi\u00e4inen-Trzaska, Tuuli Meril\u00e4inen, Udi Salmiaitta<br><br><a href=\"https:\/\/www.instagram.com\/explore\/tags\/porvoontaidehalli\/\">#porvoontaidehalli<\/a>&nbsp;<a href=\"https:\/\/www.instagram.com\/explore\/tags\/galleriakulma\/\">#galleriakulma<\/a>&nbsp;<a href=\"https:\/\/www.instagram.com\/explore\/tags\/art\/\">#art<\/a>&nbsp;<a href=\"https:\/\/www.instagram.com\/explore\/tags\/konst\/\">#konst<\/a><a href=\"https:\/\/www.instagram.com\/explore\/tags\/taiden%C3%A4yttely\/\"> <\/a><a href=\"https:\/\/www.instagram.com\/explore\/tags\/taiden%C3%A4yttely\/\">#taiden\u00e4yttely<\/a>&nbsp;<a href=\"https:\/\/www.instagram.com\/explore\/tags\/exhibition\/\">#exhibition<\/a><a href=\"https:\/\/www.instagram.com\/explore\/tags\/n%C3%A4yttelyvinkki\/\">#n\u00e4yttelyvinkki<\/a><a href=\"https:\/\/www.instagram.com\/explore\/tags\/merikaupunkikotka\/\"> <\/a><a href=\"https:\/\/www.instagram.com\/explore\/tags\/merikaupunkikotka\/\">#merikaupunkikotka<\/a>&nbsp;<a href=\"https:\/\/www.instagram.com\/explore\/tags\/kaakontaide\/\">#kaakontaide<\/a><a href=\"https:\/\/www.instagram.com\/explore\/tags\/kotkantaiteilijaseura\/\"> <\/a><a href=\"https:\/\/www.instagram.com\/explore\/tags\/kotkantaiteilijaseura\/\">#kotkantaiteilijaseura<\/a><\/h4>\n","protected":false},"excerpt":{"rendered":"<p>24 Kotkan Taiteilijaseuran j\u00e4sent\u00e4 esitt\u00e4ytyy Porvoon Taidetehtaalla Galleria Kulman tiloissa 30.6.-3.9.2023. N\u00e4yttelyn kuraattorina on toiminunut seuran j\u00e4sen Marko Turunen. N\u00e4yttelyss\u00e4 esill\u00e4 olevat taiteilijat: Anne-Maria Bj\u00f6rninen, Eija Ylinen-Virtanen, Ekaterina Kosonen, Filipp&#8230;<\/p>\n","protected":false},"author":2,"featured_media":2282,"comment_status":"closed","ping_status":"open","sticky":false,"template":"","format":"standard","meta":{"footnotes":""},"categories":[42,26,53],"tags":[],"_links":{"self":[{"href":"http:\/\/kotkantaiteilijaseura.net\/sivut\/wp-json\/wp\/v2\/posts\/2281"}],"collection":[{"href":"http:\/\/kotkantaiteilijaseura.net\/sivut\/wp-json\/wp\/v2\/posts"}],"about":[{"href":"http:\/\/kotkantaiteilijaseura.net\/sivut\/wp-json\/wp\/v2\/types\/post"}],"author":[{"embeddable":true,"href":"http:\/\/kotkantaiteilijaseura.net\/sivut\/wp-json\/wp\/v2\/users\/2"}],"replies":[{"embeddable":true,"href":"http:\/\/kotkantaiteilijaseura.net\/sivut\/wp-json\/wp\/v2\/comments?post=2281"}],"version-history":[{"count":2,"href":"http:\/\/kotkantaiteilijaseura.net\/sivut\/wp-json\/wp\/v2\/posts\/2281\/revisions"}],"predecessor-version":[{"id":2285,"href":"http:\/\/kotkantaiteilijaseura.net\/sivut\/wp-json\/wp\/v2\/posts\/2281\/revisions\/2285"}],"wp:featuredmedia":[{"embeddable":true,"href":"http:\/\/kotkantaiteilijaseura.net\/sivut\/wp-json\/wp\/v2\/media\/2282"}],"wp:attachment":[{"href":"http:\/\/kotkantaiteilijaseura.net\/sivut\/wp-json\/wp\/v2\/media?parent=2281"}],"wp:term":[{"taxonomy":"category","embeddable":true,"href":"http:\/\/kotkantaiteilijaseura.net\/sivut\/wp-json\/wp\/v2\/categories?post=2281"},{"taxonomy":"post_tag","embeddable":true,"href":"http:\/\/kotkantaiteilijaseura.net\/sivut\/wp-json\/wp\/v2\/tags?post=2281"}],"curies":[{"name":"wp","href":"https:\/\/api.w.org\/{rel}","templated":true}]}}