{"id":2269,"date":"2023-05-25T13:48:58","date_gmt":"2023-05-25T10:48:58","guid":{"rendered":"http:\/\/kotkantaiteilijaseura.net\/sivut\/?p=2269"},"modified":"2023-07-21T14:30:22","modified_gmt":"2023-07-21T11:30:22","slug":"galleria-uusikuva-anne-randen-aava-anna-reivila-luoto-2-6-1-7-2023","status":"publish","type":"post","link":"http:\/\/kotkantaiteilijaseura.net\/sivut\/2023\/05\/galleria-uusikuva-anne-randen-aava-anna-reivila-luoto-2-6-1-7-2023\/","title":{"rendered":"Galleria Uusikuva: Anne Randen (AAVA) &#038; Anna Reivil\u00e4 (LUOTO) 2.6.-1.7.2023"},"content":{"rendered":"\n<p><strong>AAVA: Anne Randen \/ Imperfectus <\/strong><\/p>\n\n\n\n<p>&#8221;<em>Sana imperfekti eli teonsanojen mennyt aikamuoto tulee latinan sanasta imperfectus joka tarkoittaa<br>ep\u00e4t\u00e4ydellist\u00e4. Se viittaa my\u00f6s menneisyyteen ja yh\u00e4 keskener\u00e4iseen toimintaan.<br>Koko n\u00e4yttely on er\u00e4\u00e4nlainen omakuva. Teokset ovat kollaaseja erilaisista esineist\u00e4 ja muistoista sek\u00e4 luonnosta l\u00f6ytyneist\u00e4 materiaaleista. Osa teosten esineist\u00e4 liittyy lapsuuteeni. Yhdistelen my\u00f6s vanhojen teosten osia osaksi uutta kokonaisuutta. Olen ker\u00e4nnyt kahden viimeisen vuoden aikana \u00c4ij\u00e4nniemen uimarannalta lasinsiruja ja meren hiomia tiiliskiven paloja. Aluksi en tiennyt mihin niit\u00e4 tulen k\u00e4ytt\u00e4m\u00e4\u00e4n, mutta nyt olen valanut tiilen palasia hartsiin ja tehnyt niist\u00e4 \u201dRantatiili\u00e4\u201d. Teokseni pyrkiv\u00e4t muistuttamaan meit\u00e4 luonnon haavoittuvuudesta ja siit\u00e4 miten yrit\u00e4mme hallita ja kahlita luontoa ja muuta ymp\u00e4rist\u00f6\u00e4mme. Samassa teoksessa voi olla iloa ja surua. Teoksella on my\u00f6s mahdollisuus vied\u00e4 ajatukset teokse ulkopuolelle, silloin se muistuttaa siit\u00e4 mik\u00e4 ei ole teoksessa n\u00e4kyviss\u00e4.<\/em>&#8221;<\/p>\n\n\n\n<p><\/p>\n\n\n\n<hr class=\"wp-block-separator has-alpha-channel-opacity\"\/>\n\n\n\n<p><strong>LUOTO: Anna Reivil\u00e4 \/ Crude Matter <\/strong><\/p>\n\n\n\n<p>#<em>Taidetta tutkittaessa keskeisess\u00e4 asemassa ovat aika -sek\u00e4 paikkasidonnaisuus. Mutta avaruutta<br>tutkiessa huomaa pian, ett\u00e4 aika ja paikka ovat kaikkea muuta kuin absoluuttiset, tasapainoiset ja<br>muuttumattomat. Aika voi kaartua ja jopa tyhjyydell\u00e4 on muoto. Tilassa on monta kerrosta, valo<br>kamerani kennolle on matkustanut kuolleesta t\u00e4hdest\u00e4 vuosikymmeni\u00e4 halki avaruuden.<br>Maailmankaikkeuden todellisuus on jotain aivan muuta kuin meid\u00e4n todellisuutemme. Se on<br>enimm\u00e4kseen pime\u00e4\u00e4 ainetta, vain pikkuisen karkeaa ainesta sek\u00e4 valon kaltaisia arjen<br>energioita.\u00a0N\u00e4yttelyni Crude Matter valokuvissa tutkin kiviainesta avaruuden materiaalina. Viittaan teoksillani<br>siihen, miten kaikki maapallon materiaalit ovat tulleet avaruudesta, ja miten on mahdotonta tutkia<br>avaruutta pelk\u00e4st\u00e4\u00e4n katsomalla. Teoksissa katse k\u00e4\u00e4ntyy pois ihmisest\u00e4 elinkaaremme ajan<br>ylitt\u00e4viin kiviin. Koska valokuvissani ihmisen tekem\u00e4 teko on kuitenkin aina l\u00e4sn\u00e4, tulen samalla<br>tutkineeksi inhimillisyyden rajoja.<\/em>&#8221;<\/p>\n\n\n\n<p><\/p>\n\n\n\n<p><strong>Molemmat n\u00e4yttelyt ovat esill\u00e4 2.6.-1.7.2023, l\u00e4mpim\u00e4sti tervetuloa! Avajaisia juhlimme torstaina 1.6. klo 18-20 Galleria Uusikuvassa!<\/strong><\/p>\n\n\n\n<p><\/p>\n\n\n\n<p><\/p>\n","protected":false},"excerpt":{"rendered":"<p>AAVA: Anne Randen \/ Imperfectus &#8221;Sana imperfekti eli teonsanojen mennyt aikamuoto tulee latinan sanasta imperfectus joka tarkoittaaep\u00e4t\u00e4ydellist\u00e4. Se viittaa my\u00f6s menneisyyteen ja yh\u00e4 keskener\u00e4iseen toimintaan.Koko n\u00e4yttely on er\u00e4\u00e4nlainen omakuva. Teokset&#8230;<\/p>\n","protected":false},"author":2,"featured_media":2270,"comment_status":"closed","ping_status":"open","sticky":false,"template":"","format":"standard","meta":{"footnotes":""},"categories":[25,26,32,66,1],"tags":[],"_links":{"self":[{"href":"http:\/\/kotkantaiteilijaseura.net\/sivut\/wp-json\/wp\/v2\/posts\/2269"}],"collection":[{"href":"http:\/\/kotkantaiteilijaseura.net\/sivut\/wp-json\/wp\/v2\/posts"}],"about":[{"href":"http:\/\/kotkantaiteilijaseura.net\/sivut\/wp-json\/wp\/v2\/types\/post"}],"author":[{"embeddable":true,"href":"http:\/\/kotkantaiteilijaseura.net\/sivut\/wp-json\/wp\/v2\/users\/2"}],"replies":[{"embeddable":true,"href":"http:\/\/kotkantaiteilijaseura.net\/sivut\/wp-json\/wp\/v2\/comments?post=2269"}],"version-history":[{"count":2,"href":"http:\/\/kotkantaiteilijaseura.net\/sivut\/wp-json\/wp\/v2\/posts\/2269\/revisions"}],"predecessor-version":[{"id":2272,"href":"http:\/\/kotkantaiteilijaseura.net\/sivut\/wp-json\/wp\/v2\/posts\/2269\/revisions\/2272"}],"wp:featuredmedia":[{"embeddable":true,"href":"http:\/\/kotkantaiteilijaseura.net\/sivut\/wp-json\/wp\/v2\/media\/2270"}],"wp:attachment":[{"href":"http:\/\/kotkantaiteilijaseura.net\/sivut\/wp-json\/wp\/v2\/media?parent=2269"}],"wp:term":[{"taxonomy":"category","embeddable":true,"href":"http:\/\/kotkantaiteilijaseura.net\/sivut\/wp-json\/wp\/v2\/categories?post=2269"},{"taxonomy":"post_tag","embeddable":true,"href":"http:\/\/kotkantaiteilijaseura.net\/sivut\/wp-json\/wp\/v2\/tags?post=2269"}],"curies":[{"name":"wp","href":"https:\/\/api.w.org\/{rel}","templated":true}]}}