{"id":2261,"date":"2023-05-07T15:48:41","date_gmt":"2023-05-07T12:48:41","guid":{"rendered":"http:\/\/kotkantaiteilijaseura.net\/sivut\/?p=2261"},"modified":"2023-08-04T16:14:59","modified_gmt":"2023-08-04T13:14:59","slug":"aava-irina-raski-teemu-heikkinen-metsa-korkeuksista-metsa-syvyyksista-5-5-27-5-2023","status":"publish","type":"post","link":"http:\/\/kotkantaiteilijaseura.net\/sivut\/2023\/05\/aava-irina-raski-teemu-heikkinen-metsa-korkeuksista-metsa-syvyyksista-5-5-27-5-2023\/","title":{"rendered":"AAVA: Irina Raski\/Teemu Heikkinen &#8211; Mets\u00e4 korkeuksista, mets\u00e4 syvyyksist\u00e4 5.5.-27.5.2023"},"content":{"rendered":"\n<p>Mets\u00e4 korkeuksista \/ Mets\u00e4 syvyyksist\u00e4<\/p>\n\n\n\n<p><br>Irina Raskin ja Teemu Heikkisen datataidetta, veistoksia ja valokuvaa Kotkan galleria<br>Uusikuvassa 5.5.-27.5.2023. Avajaiset gallerialla torstaina 4.5. klo 17-19<\/p>\n\n\n\n<p><br>Irina Raski &#8211; Mets\u00e4 korkeuksista<br>Raskin teokset tarkkailevat metsa\u0308a\u0308 satelliittikuvien, karttojen ja tilastojen pohjalta. Suomessa<br>on paljon puuta. Puusto on Suomessa elinkeino, jopa elinehto, ei siis ole poikkeuksellista,<br>ett\u00e4 lukuisten valtion keskuksien ja laitosten toimesta puusto on tutkittu, mitattu, kuvattu,<br>ajoitettu, ja arvotettu huikealla tarkkuudella. Ja kaikki t\u00e4m\u00e4 tieto on vapaasti kenen tahansa<br>kiinnostuneen saatavilla. Taiteilijalle aineistot avautuivat kauniina, v\u00e4rikk\u00e4in\u00e4, erikoisina<br>muotoina \u2013 perinteiselle taiteelle mahdottomassa mittakaavassa. Raski miksaa teoksissaan<br>n\u00e4it\u00e4 vapaasti saatavia kartta- ja tietoaineistoja, joista ha\u0308n koostaa muokkauksilla,<br>rajaamalla, mittakaavaa vaihdellen, uudelleen piirta\u0308ma\u0308lla\u0308 ja tekstia\u0308 lisa\u0308ten digitaalisia ja<br>tulostettuja vedoksia. Raskin suomalaista mets\u00e4\u00e4 k\u00e4sittelevi\u00e4 teoksia on tuettu Suomen<br>kulttuurirahaston Etel\u00e4-Karjalan rahaston my\u00f6nt\u00e4m\u00e4ll\u00e4 ty\u00f6skentelyapurahalla.<\/p>\n\n\n\n<p><br>Teemu Heikkinen &#8211; Mets\u00e4 syvyyksist\u00e4<br>Heikkisen veistokset ja valokuvat pohtivat metsi\u00e4 joissa olemme kulkeneet lukemattomia<br>kertoja vuodesta ja vuosikymmenest\u00e4 toiseen el\u00e4m\u00e4mme aikana. Toiset mets\u00e4t ovat<br>kasvaneet siemenest\u00e4 tai taimesta nuoriksi puiksi, toiset kaadettu ja j\u00e4tetty kasvamaan<br>heinikkoa ja ryteikk\u00f6\u00e4. Joissain metsiss\u00e4 puut tuntuvat vanhoilta, mutta jos<br>isovanhempamme viel\u00e4 el\u00e4isiv\u00e4t, olisivat nuo puut heit\u00e4 ja ihmisik\u00e4\u00e4 nuorempia. Olemme<br>k\u00e4velleet ihmisik\u00e4\u00e4 vanhempienkin puiden varjossa mutta ne mets\u00e4t ovat harvassa. Olemme<br>astuneet my\u00f6s sellaisten vanhojen runkojen yli jotka makaavat maassa, ja k\u00e4velleet niiden<br>ohi kun niit\u00e4 on pinottu toinen toisensa p\u00e4\u00e4lle kasoiksi. Tarkoitus ei ole arvostella<br>mets\u00e4taloutta, mutta teoksiensa kautta Heikkinen haluaa surra niit\u00e4 rakkaita metsi\u00e4 jotka<br>ovat kadonneet ja niit\u00e4 jotka eiv\u00e4t koskaan saaneet kasvaa aikuisen puun mittaan mets\u00e4ksi.<br>Ja niit\u00e4 ikikorpimetsi\u00e4 jotka yht\u00e4kki\u00e4 lakkasivat olemasta, emmek\u00e4 me el\u00e4 niin vanhoiksi ett\u00e4<br>saisimme n\u00e4hd\u00e4 niiden kasvavan koskaan takaisin \u2013 oikeaksi mets\u00e4ksi.<\/p>\n","protected":false},"excerpt":{"rendered":"<p>Mets\u00e4 korkeuksista \/ Mets\u00e4 syvyyksist\u00e4 Irina Raskin ja Teemu Heikkisen datataidetta, veistoksia ja valokuvaa Kotkan galleriaUusikuvassa 5.5.-27.5.2023. Avajaiset gallerialla torstaina 4.5. klo 17-19 Irina Raski &#8211; Mets\u00e4 korkeuksistaRaskin teokset tarkkailevat&#8230;<\/p>\n","protected":false},"author":2,"featured_media":2262,"comment_status":"closed","ping_status":"open","sticky":false,"template":"","format":"standard","meta":{"footnotes":""},"categories":[25,32,66,1],"tags":[],"_links":{"self":[{"href":"http:\/\/kotkantaiteilijaseura.net\/sivut\/wp-json\/wp\/v2\/posts\/2261"}],"collection":[{"href":"http:\/\/kotkantaiteilijaseura.net\/sivut\/wp-json\/wp\/v2\/posts"}],"about":[{"href":"http:\/\/kotkantaiteilijaseura.net\/sivut\/wp-json\/wp\/v2\/types\/post"}],"author":[{"embeddable":true,"href":"http:\/\/kotkantaiteilijaseura.net\/sivut\/wp-json\/wp\/v2\/users\/2"}],"replies":[{"embeddable":true,"href":"http:\/\/kotkantaiteilijaseura.net\/sivut\/wp-json\/wp\/v2\/comments?post=2261"}],"version-history":[{"count":1,"href":"http:\/\/kotkantaiteilijaseura.net\/sivut\/wp-json\/wp\/v2\/posts\/2261\/revisions"}],"predecessor-version":[{"id":2263,"href":"http:\/\/kotkantaiteilijaseura.net\/sivut\/wp-json\/wp\/v2\/posts\/2261\/revisions\/2263"}],"wp:featuredmedia":[{"embeddable":true,"href":"http:\/\/kotkantaiteilijaseura.net\/sivut\/wp-json\/wp\/v2\/media\/2262"}],"wp:attachment":[{"href":"http:\/\/kotkantaiteilijaseura.net\/sivut\/wp-json\/wp\/v2\/media?parent=2261"}],"wp:term":[{"taxonomy":"category","embeddable":true,"href":"http:\/\/kotkantaiteilijaseura.net\/sivut\/wp-json\/wp\/v2\/categories?post=2261"},{"taxonomy":"post_tag","embeddable":true,"href":"http:\/\/kotkantaiteilijaseura.net\/sivut\/wp-json\/wp\/v2\/tags?post=2261"}],"curies":[{"name":"wp","href":"https:\/\/api.w.org\/{rel}","templated":true}]}}