{"id":2201,"date":"2023-04-02T14:33:35","date_gmt":"2023-04-02T11:33:35","guid":{"rendered":"http:\/\/kotkantaiteilijaseura.net\/sivut\/?p=2201"},"modified":"2023-05-07T16:29:24","modified_gmt":"2023-05-07T13:29:24","slug":"galleria-uusikuva-elisa-heinonen-hetki-ja-hiljaisuus-6-29-4-2023","status":"publish","type":"post","link":"http:\/\/kotkantaiteilijaseura.net\/sivut\/2023\/04\/galleria-uusikuva-elisa-heinonen-hetki-ja-hiljaisuus-6-29-4-2023\/","title":{"rendered":"Galleria Uusikuva: Elisa Heinonen &#8211; &#8221;Hetki ja hiljaisuus&#8221; 6.-29.4.2023"},"content":{"rendered":"<p>Hei ja tervetuloa Galleria Uusikuvassa avautuvaan n\u00e4yttelyyn!<\/p>\n<div>\nHuhtikuussa 6.-29.4. esill\u00e4 on Elisa Heinosen yksityisn\u00e4yttely.<\/div>\n<div>\nElisa Heinonen-Lanki on 78-vuotias Kotkassa asuva taidemaalari. H\u00e4n on syntynyt Viipurissa vuonna 1944. H\u00e4n opiskeli Suomen Taideakatemian koulussa vuosina 1965-1969. Teoksia on ollut n\u00e4ht\u00e4vill\u00e4 sek\u00e4 ryhm\u00e4-ett\u00e4 yksityisn\u00e4yttelyiss\u00e4 sek\u00e4 ulkomailla. Uransa aikana Heinosen aiheet ovat vaihdelleen vuosikymmenten aikana. Uraan kuuluu niin tutkielmia taidehistoriasta, herkki\u00e4 akvarelleja kuin hetki\u00e4 luonnostakin. Nyky\u00e4\u00e4n Heinonen maalaa akryyliv\u00e4reill\u00e4.<\/p>\n<p><b>Juhlimme avautuvan n\u00e4yttelyn avajaisia gallerialla torstaina 6.4. klo 16-18 , l\u00e4mpim\u00e4sti tervetuloa!<\/b><\/p>\n<p><i>&#8221;El\u00e4m\u00e4ss\u00e4 on ollut erilaisia vaiheita kuten my\u00f6s tauluissani. Taidehistoria antaa el\u00e4myksi\u00e4 ja voi n\u00e4hd\u00e4 vanhan uudessa valossa. Luonnosta etsin tunnelmaa, hetke\u00e4, hiljaisuutta. Maisema ik\u00e4\u00e4n kuin puhuu ihmiselle. Maalauksella tai kuvalla on mahdollisuus jatkaa siit\u00e4 miss\u00e4 sanat vaikenevat.<br \/>\nSyksyn maisemissa v\u00e4rit himmenev\u00e4t. Lammella oleva sumu peitt\u00e4\u00e4 paljon ja paljastaa jotakin. Vesi ja taivas antavat hienoja v\u00e4riyhdistelmi\u00e4. Joskus maalaus n\u00e4ytt\u00e4\u00e4 vain v\u00e4rilliselt\u00e4 \u2013 silloin avuksi l\u00f6ytyy \u201dyksin\u00e4inen lintu\u201d, jonka haluaa sijoittaa puun oksalle. Taide on etsimist\u00e4 ja l\u00f6yt\u00e4mist\u00e4.&#8221;<\/i>\u00a0-Elisa Heinonen<\/div>\n<div><\/div>\n<div>Galleria Uusikuva<\/div>\n","protected":false},"excerpt":{"rendered":"<p>Hei ja tervetuloa Galleria Uusikuvassa avautuvaan n\u00e4yttelyyn! Huhtikuussa 6.-29.4. esill\u00e4 on Elisa Heinosen yksityisn\u00e4yttely. Elisa Heinonen-Lanki on 78-vuotias Kotkassa asuva taidemaalari. H\u00e4n on syntynyt Viipurissa vuonna 1944. H\u00e4n opiskeli Suomen&#8230;<\/p>\n","protected":false},"author":2,"featured_media":2202,"comment_status":"closed","ping_status":"open","sticky":false,"template":"","format":"standard","meta":{"footnotes":""},"categories":[25,42,26,32,66,1],"tags":[],"_links":{"self":[{"href":"http:\/\/kotkantaiteilijaseura.net\/sivut\/wp-json\/wp\/v2\/posts\/2201"}],"collection":[{"href":"http:\/\/kotkantaiteilijaseura.net\/sivut\/wp-json\/wp\/v2\/posts"}],"about":[{"href":"http:\/\/kotkantaiteilijaseura.net\/sivut\/wp-json\/wp\/v2\/types\/post"}],"author":[{"embeddable":true,"href":"http:\/\/kotkantaiteilijaseura.net\/sivut\/wp-json\/wp\/v2\/users\/2"}],"replies":[{"embeddable":true,"href":"http:\/\/kotkantaiteilijaseura.net\/sivut\/wp-json\/wp\/v2\/comments?post=2201"}],"version-history":[{"count":1,"href":"http:\/\/kotkantaiteilijaseura.net\/sivut\/wp-json\/wp\/v2\/posts\/2201\/revisions"}],"predecessor-version":[{"id":2203,"href":"http:\/\/kotkantaiteilijaseura.net\/sivut\/wp-json\/wp\/v2\/posts\/2201\/revisions\/2203"}],"wp:featuredmedia":[{"embeddable":true,"href":"http:\/\/kotkantaiteilijaseura.net\/sivut\/wp-json\/wp\/v2\/media\/2202"}],"wp:attachment":[{"href":"http:\/\/kotkantaiteilijaseura.net\/sivut\/wp-json\/wp\/v2\/media?parent=2201"}],"wp:term":[{"taxonomy":"category","embeddable":true,"href":"http:\/\/kotkantaiteilijaseura.net\/sivut\/wp-json\/wp\/v2\/categories?post=2201"},{"taxonomy":"post_tag","embeddable":true,"href":"http:\/\/kotkantaiteilijaseura.net\/sivut\/wp-json\/wp\/v2\/tags?post=2201"}],"curies":[{"name":"wp","href":"https:\/\/api.w.org\/{rel}","templated":true}]}}