{"id":2139,"date":"2026-03-10T16:17:38","date_gmt":"2026-03-10T14:17:38","guid":{"rendered":"http:\/\/kotkantaiteilijaseura.net\/sivut\/?p=2139"},"modified":"2026-03-10T16:17:39","modified_gmt":"2026-03-10T14:17:39","slug":"nayttelyhaku-galleria-uusikuvaan-vuodelle-2027","status":"publish","type":"post","link":"http:\/\/kotkantaiteilijaseura.net\/sivut\/2026\/03\/nayttelyhaku-galleria-uusikuvaan-vuodelle-2027\/","title":{"rendered":"N\u00e4yttelyhaku Galleria Uusikuvaan vuodelle 2027 on auki!"},"content":{"rendered":"\n<div class=\"wp-block-group is-layout-constrained wp-block-group-is-layout-constrained\"><div class=\"wp-block-group__inner-container\">\n<p><span style=\"font-weight: 400;\">Galleria Uusikuva on Kotkan Taiteilijaseuran yll\u00e4pit\u00e4m\u00e4 n\u00e4yttelytila 1910 rakennetussa jugendtalossa Satamakadulla, Kotkan ytimess\u00e4. <\/span><span style=\"font-weight: 400;\">Uusikuvassa on kaksi n\u00e4yttelytilaa kooltaan 41 m2 ja 105 m2, kauniit isot ikkunat tuovat luonnonvaloa korkeisiin huoneisiin. Galleriassa on my\u00f6s mahdollista piment\u00e4\u00e4 osia video-, \u00e4\u00e4ni-, multimedia- ja tilateosten esitt\u00e4miseen. Gallerialla on videoprojektori ja kaiuttimet videoteosten toistoa varten.<\/span><\/p>\n\n\n\n<p><span style=\"font-weight: 400;\">N\u00e4yttelyperiodit ovat noin kolmen viikon mittaisia. Ripustukseen on k\u00e4ytett\u00e4viss\u00e4 2-4 p\u00e4iv\u00e4\u00e4, sopimuksen mukaan. N\u00e4yttelyvuokraan sis\u00e4ltyy n\u00e4yttelytilan valvonta ja avoinnapito, tiedottaminen, avajaisten j\u00e4rjest\u00e4minen ja tilan siistiminen.&nbsp;<\/span><\/p>\n\n\n\n<p><span style=\"font-weight: 400;\">N\u00e4yttelyajat jaetaan n\u00e4yttelytoimikunnan p\u00e4\u00e4t\u00f6sten mukaan vuodelle 2027 ja p\u00e4\u00e4t\u00f6ksist\u00e4 ilmoitetaan hakijoille kes\u00e4kuun loppuun menness\u00e4.<\/span><\/p>\n\n\n\n<p><\/p>\n<\/div><\/div>\n\n\n\n<div class=\"wp-block-group is-layout-constrained wp-block-group-is-layout-constrained\"><div class=\"wp-block-group__inner-container\">\n<p class=\"has-small-font-size\"><span style=\"font-weight: 400;\">Galleria Uusikuva pid\u00e4tt\u00e4\u00e4 oikeuden muutoksiin force majeure -tapauksissa.<\/span><\/p>\n\n\n\n<p><span style=\"font-weight: 400;\"><strong>N\u00e4yttelytila Luoto <\/strong>(41 m2): <strong>400 euroa\/kk<\/strong>, Kotkan taiteilijaseuran j\u00e4senille <strong>300 euroa\/kk<\/strong>\u00a0<\/span><\/p>\n\n\n\n<p><span style=\"font-weight: 400;\"><strong>N\u00e4yttelytila Aava<\/strong> (105 m2): <strong>850 euroa\/kk<\/strong>, Kotkan taiteilijaseuran j\u00e4senille <strong>650 euroa\/kk\u00a0<\/strong><\/span><\/p>\n\n\n\n<p><span style=\"font-weight: 400;\"><strong>Molemmat n\u00e4yttelytilat<\/strong>: <strong>1250 euroa\/kk<\/strong>, Kotkan taiteilijaseuran j\u00e4senille <strong>950 euroa\/kk <\/strong><\/span><\/p>\n\n\n\n<p class=\"has-small-font-size\"><span style=\"font-weight: 400;\">Myyntiprovisio on 20%.<\/span><\/p>\n\n\n\n<p>.<\/p>\n\n\n\n<p>.<\/p>\n\n\n\n<p><\/p>\n<\/div><\/div>\n\n\n\n<div class=\"wp-block-group is-layout-constrained wp-block-group-is-layout-constrained\"><div class=\"wp-block-group__inner-container\">\n<p class=\"has-text-align-center\"><span style=\"font-weight: 400;\"><strong>Vuoden 2027 haettavana olevat n\u00e4yttelyajat:<\/strong><\/span><\/p>\n\n\n\n<p class=\"has-text-align-center\">Tammikuu 8.\u201330.1.<\/p>\n\n\n\n<p class=\"has-text-align-center\">Helmikuu 5.\u201327.2.<\/p>\n\n\n\n<p class=\"has-text-align-center\">Maaliskuu 5.\u201327.3.<\/p>\n\n\n\n<p class=\"has-text-align-center\">Huhtikuu 2.4.\u201324.4.<\/p>\n\n\n\n<p class=\"has-text-align-center\"><span style=\"font-weight: 400;\">&nbsp;<\/span><\/p>\n\n\n\n<p class=\"has-text-align-center\">Toukokuu 7.\u201329.5.<\/p>\n\n\n\n<p class=\"has-text-align-center\">Kes\u00e4kuu 4.\u201326.6.<\/p>\n\n\n\n<p class=\"has-text-align-center\">Hein\u00e4kuu 2.\u201331.7.<\/p>\n\n\n\n<p class=\"has-text-align-center\">Elokuu 6.\u201328.8.<\/p>\n\n\n\n<p class=\"has-text-align-center\"><span style=\"font-weight: 400;\">&nbsp;<\/span><\/p>\n\n\n\n<p class=\"has-text-align-center\">Syyskuu 3.\u201325.9.<\/p>\n\n\n\n<p class=\"has-text-align-center\">Lokakuu 1.\u201323.10.<\/p>\n\n\n\n<p class=\"has-text-align-center\">Marraskuu 5.\u201327.11.<\/p>\n\n\n\n<p class=\"has-text-align-center\">Joulukuu 3.\u201328.12.<\/p>\n<\/div><\/div>\n\n\n\n<div class=\"wp-block-group is-layout-constrained wp-block-group-is-layout-constrained\"><div class=\"wp-block-group__inner-container\">\n<p>.<\/p>\n\n\n\n<p>.<\/p>\n\n\n\n<p><b>Hakuohjeet:<\/b><\/p>\n\n\n\n<p><span style=\"font-weight: 400;\">N\u00e4yttelyaikaa haetaan vapaamuotoisella hakemuksella, johon seuraavat tiedot:<\/span><\/p>\n\n\n\n<ul>\n<li><span style=\"font-weight: 400;\">hakijan t\u00e4ydelliset yhteystiedot (osoite, puhelinnumero, s\u00e4hk\u00f6postiosoite ym.)<\/span><\/li>\n\n\n\n<li>hakemasi n\u00e4yttelytila<\/li>\n\n\n\n<li><span style=\"font-weight: 400;\">n\u00e4yttelysuunnitelma, pituus max. 2 sivua.<\/span><\/li>\n\n\n\n<li><span style=\"font-weight: 400;\">3-5 kuvaa tai luonnosta n\u00e4yttelyyn tulevista teoksista tai uusimmasta tuotannosta teostietoineen<\/span><\/li>\n\n\n\n<li><span style=\"font-weight: 400;\">videomateriaali esikatselulinkkin\u00e4<\/span><\/li>\n\n\n\n<li><span style=\"font-weight: 400;\">ansioluettelon tiivistelm\u00e4<\/span><\/li>\n\n\n\n<li><span style=\"font-weight: 400;\">mahdollinen toive n\u00e4yttelyn ajankohdasta<\/span><\/li>\n<\/ul>\n\n\n\n<p><span style=\"font-weight: 400;\"><strong>HAKEMUS TULEE L\u00c4HETT\u00c4\u00c4 YHTEN\u00c4 PDF-TIEDOSTONA <\/strong><\/span><br><span style=\"font-weight: 400;\">(tiedostokoko on max. <strong>20MB<\/strong>), joka nimet\u00e4\u00e4n \u201cgalleriauusikuva_n\u00e4yttelyhaku2027_hakijanimi\u201d<\/span><\/p>\n\n\n\n<p><span style=\"font-weight: 400;\">Vain yll\u00e4 olevat ehdot t\u00e4ytt\u00e4v\u00e4t hakemukset k\u00e4sitell\u00e4\u00e4n.<\/span><\/p>\n\n\n\n<p><span style=\"font-weight: 400;\"><strong>Haku p\u00e4\u00e4ttyy 31.5.2026, klo. 23:59, hakemukset l\u00e4hetett\u00e4v\u00e4<\/strong> <strong>osoitteeseen<\/strong>:<\/span> nayttelyhaku.galleriauusikuva@gmail.com<\/p>\n<\/div><\/div>\n\n\n\n<p>.<\/p>\n\n\n\n<p>.<\/p>\n\n\n\n<p><\/p>\n\n\n\n<div class=\"wp-block-group is-layout-constrained wp-block-group-is-layout-constrained\"><div class=\"wp-block-group__inner-container\">\n<div class=\"wp-block-group is-layout-constrained wp-block-group-is-layout-constrained\"><div class=\"wp-block-group__inner-container\">\n<p class=\"has-text-align-right has-small-font-size\">Kuvia Galleria Uusikuvasta:<\/p>\n\n\n\n<p class=\"has-text-align-right has-small-font-size\"><span style=\"font-weight: 400;\">N\u00e4yttelytila Aavassa (105 m2) on valkoinen lattia.<\/span><\/p>\n\n\n\n<p class=\"has-text-align-right has-small-font-size\"><span style=\"font-weight: 400;\">N\u00e4yttelytila Luodossa (41 m2) on puna valkoinen lattia sek\u00e4 mets\u00e4n vihre\u00e4 takka.<\/span><\/p>\n<\/div><\/div>\n\n\n\n<figure class=\"wp-block-image size-large\"><img loading=\"lazy\" decoding=\"async\" width=\"1024\" height=\"683\" src=\"http:\/\/kotkantaiteilijaseura.net\/sivut\/wp-content\/uploads\/2020\/04\/MG_0944-1024x683.jpg\" alt=\"\" class=\"wp-image-1647\" srcset=\"http:\/\/kotkantaiteilijaseura.net\/sivut\/wp-content\/uploads\/2020\/04\/MG_0944-1024x683.jpg 1024w, http:\/\/kotkantaiteilijaseura.net\/sivut\/wp-content\/uploads\/2020\/04\/MG_0944-300x200.jpg 300w, http:\/\/kotkantaiteilijaseura.net\/sivut\/wp-content\/uploads\/2020\/04\/MG_0944-768x512.jpg 768w, http:\/\/kotkantaiteilijaseura.net\/sivut\/wp-content\/uploads\/2020\/04\/MG_0944-1370x913.jpg 1370w, http:\/\/kotkantaiteilijaseura.net\/sivut\/wp-content\/uploads\/2020\/04\/MG_0944-500x333.jpg 500w\" sizes=\"(max-width: 1024px) 100vw, 1024px\" \/><\/figure>\n\n\n\n<figure class=\"wp-block-image size-large\"><img loading=\"lazy\" decoding=\"async\" width=\"1024\" height=\"683\" src=\"http:\/\/kotkantaiteilijaseura.net\/sivut\/wp-content\/uploads\/2020\/04\/MG_0872-1024x683.jpg\" alt=\"\" class=\"wp-image-1645\" srcset=\"http:\/\/kotkantaiteilijaseura.net\/sivut\/wp-content\/uploads\/2020\/04\/MG_0872-1024x683.jpg 1024w, http:\/\/kotkantaiteilijaseura.net\/sivut\/wp-content\/uploads\/2020\/04\/MG_0872-300x200.jpg 300w, http:\/\/kotkantaiteilijaseura.net\/sivut\/wp-content\/uploads\/2020\/04\/MG_0872-768x512.jpg 768w, http:\/\/kotkantaiteilijaseura.net\/sivut\/wp-content\/uploads\/2020\/04\/MG_0872-1370x913.jpg 1370w, http:\/\/kotkantaiteilijaseura.net\/sivut\/wp-content\/uploads\/2020\/04\/MG_0872-500x333.jpg 500w\" sizes=\"(max-width: 1024px) 100vw, 1024px\" \/><\/figure>\n\n\n\n<figure class=\"wp-block-image size-large\"><img loading=\"lazy\" decoding=\"async\" width=\"1024\" height=\"683\" src=\"http:\/\/kotkantaiteilijaseura.net\/sivut\/wp-content\/uploads\/2020\/04\/MG_0912-1024x683.jpg\" alt=\"\" class=\"wp-image-1646\" srcset=\"http:\/\/kotkantaiteilijaseura.net\/sivut\/wp-content\/uploads\/2020\/04\/MG_0912-1024x683.jpg 1024w, http:\/\/kotkantaiteilijaseura.net\/sivut\/wp-content\/uploads\/2020\/04\/MG_0912-300x200.jpg 300w, http:\/\/kotkantaiteilijaseura.net\/sivut\/wp-content\/uploads\/2020\/04\/MG_0912-768x512.jpg 768w, http:\/\/kotkantaiteilijaseura.net\/sivut\/wp-content\/uploads\/2020\/04\/MG_0912-1370x913.jpg 1370w, http:\/\/kotkantaiteilijaseura.net\/sivut\/wp-content\/uploads\/2020\/04\/MG_0912-500x333.jpg 500w\" sizes=\"(max-width: 1024px) 100vw, 1024px\" \/><\/figure>\n\n\n\n<figure class=\"wp-block-image size-large\"><img loading=\"lazy\" decoding=\"async\" width=\"1024\" height=\"683\" src=\"http:\/\/kotkantaiteilijaseura.net\/sivut\/wp-content\/uploads\/2020\/04\/MG_0955-1024x683.jpg\" alt=\"\" class=\"wp-image-1650\" srcset=\"http:\/\/kotkantaiteilijaseura.net\/sivut\/wp-content\/uploads\/2020\/04\/MG_0955-1024x683.jpg 1024w, http:\/\/kotkantaiteilijaseura.net\/sivut\/wp-content\/uploads\/2020\/04\/MG_0955-300x200.jpg 300w, http:\/\/kotkantaiteilijaseura.net\/sivut\/wp-content\/uploads\/2020\/04\/MG_0955-768x512.jpg 768w, http:\/\/kotkantaiteilijaseura.net\/sivut\/wp-content\/uploads\/2020\/04\/MG_0955-1370x913.jpg 1370w, http:\/\/kotkantaiteilijaseura.net\/sivut\/wp-content\/uploads\/2020\/04\/MG_0955-500x333.jpg 500w\" sizes=\"(max-width: 1024px) 100vw, 1024px\" \/><\/figure>\n\n\n\n<figure class=\"wp-block-image size-large\"><img loading=\"lazy\" decoding=\"async\" width=\"1024\" height=\"683\" src=\"http:\/\/kotkantaiteilijaseura.net\/sivut\/wp-content\/uploads\/2020\/04\/MG_0946-1024x683.jpg\" alt=\"\" class=\"wp-image-1649\" srcset=\"http:\/\/kotkantaiteilijaseura.net\/sivut\/wp-content\/uploads\/2020\/04\/MG_0946-1024x683.jpg 1024w, http:\/\/kotkantaiteilijaseura.net\/sivut\/wp-content\/uploads\/2020\/04\/MG_0946-300x200.jpg 300w, http:\/\/kotkantaiteilijaseura.net\/sivut\/wp-content\/uploads\/2020\/04\/MG_0946-768x512.jpg 768w, http:\/\/kotkantaiteilijaseura.net\/sivut\/wp-content\/uploads\/2020\/04\/MG_0946-1370x913.jpg 1370w, http:\/\/kotkantaiteilijaseura.net\/sivut\/wp-content\/uploads\/2020\/04\/MG_0946-500x333.jpg 500w\" sizes=\"(max-width: 1024px) 100vw, 1024px\" \/><\/figure>\n\n\n\n<figure class=\"wp-block-image size-large\"><img loading=\"lazy\" decoding=\"async\" width=\"1024\" height=\"617\" src=\"http:\/\/kotkantaiteilijaseura.net\/sivut\/wp-content\/uploads\/2023\/03\/GalleriaUusikuvanpohjapiirustus-1024x617.jpg\" alt=\"\" class=\"wp-image-2195\" srcset=\"http:\/\/kotkantaiteilijaseura.net\/sivut\/wp-content\/uploads\/2023\/03\/GalleriaUusikuvanpohjapiirustus-1024x617.jpg 1024w, http:\/\/kotkantaiteilijaseura.net\/sivut\/wp-content\/uploads\/2023\/03\/GalleriaUusikuvanpohjapiirustus-300x181.jpg 300w, http:\/\/kotkantaiteilijaseura.net\/sivut\/wp-content\/uploads\/2023\/03\/GalleriaUusikuvanpohjapiirustus-768x463.jpg 768w, http:\/\/kotkantaiteilijaseura.net\/sivut\/wp-content\/uploads\/2023\/03\/GalleriaUusikuvanpohjapiirustus.jpg 1328w\" sizes=\"(max-width: 1024px) 100vw, 1024px\" \/><\/figure>\n\n\n\n<p class=\"has-text-align-right has-small-font-size\">Valokuvat Sari Tenni<\/p>\n<\/div><\/div>\n","protected":false},"excerpt":{"rendered":"<p>Galleria Uusikuva on Kotkan Taiteilijaseuran yll\u00e4pit\u00e4m\u00e4 n\u00e4yttelytila 1910 rakennetussa jugendtalossa Satamakadulla, Kotkan ytimess\u00e4. Uusikuvassa on kaksi n\u00e4yttelytilaa kooltaan 41 m2 ja 105 m2, kauniit isot ikkunat tuovat luonnonvaloa korkeisiin huoneisiin&#8230;.<\/p>\n","protected":false},"author":2,"featured_media":2195,"comment_status":"closed","ping_status":"closed","sticky":true,"template":"","format":"standard","meta":{"footnotes":""},"categories":[25,26,51,1],"tags":[90,68,37,46],"_links":{"self":[{"href":"http:\/\/kotkantaiteilijaseura.net\/sivut\/wp-json\/wp\/v2\/posts\/2139"}],"collection":[{"href":"http:\/\/kotkantaiteilijaseura.net\/sivut\/wp-json\/wp\/v2\/posts"}],"about":[{"href":"http:\/\/kotkantaiteilijaseura.net\/sivut\/wp-json\/wp\/v2\/types\/post"}],"author":[{"embeddable":true,"href":"http:\/\/kotkantaiteilijaseura.net\/sivut\/wp-json\/wp\/v2\/users\/2"}],"replies":[{"embeddable":true,"href":"http:\/\/kotkantaiteilijaseura.net\/sivut\/wp-json\/wp\/v2\/comments?post=2139"}],"version-history":[{"count":24,"href":"http:\/\/kotkantaiteilijaseura.net\/sivut\/wp-json\/wp\/v2\/posts\/2139\/revisions"}],"predecessor-version":[{"id":2819,"href":"http:\/\/kotkantaiteilijaseura.net\/sivut\/wp-json\/wp\/v2\/posts\/2139\/revisions\/2819"}],"wp:featuredmedia":[{"embeddable":true,"href":"http:\/\/kotkantaiteilijaseura.net\/sivut\/wp-json\/wp\/v2\/media\/2195"}],"wp:attachment":[{"href":"http:\/\/kotkantaiteilijaseura.net\/sivut\/wp-json\/wp\/v2\/media?parent=2139"}],"wp:term":[{"taxonomy":"category","embeddable":true,"href":"http:\/\/kotkantaiteilijaseura.net\/sivut\/wp-json\/wp\/v2\/categories?post=2139"},{"taxonomy":"post_tag","embeddable":true,"href":"http:\/\/kotkantaiteilijaseura.net\/sivut\/wp-json\/wp\/v2\/tags?post=2139"}],"curies":[{"name":"wp","href":"https:\/\/api.w.org\/{rel}","templated":true}]}}