{"id":1572,"date":"2019-09-24T14:59:37","date_gmt":"2019-09-24T11:59:37","guid":{"rendered":"http:\/\/kotkantaiteilijaseura.net\/sivut\/?p=1572"},"modified":"2019-09-24T14:59:37","modified_gmt":"2019-09-24T11:59:37","slug":"jasentaiteilija-heta-kananen","status":"publish","type":"post","link":"http:\/\/kotkantaiteilijaseura.net\/sivut\/2019\/09\/jasentaiteilija-heta-kananen\/","title":{"rendered":"J\u00e4sentaiteilija: Heta Kananen"},"content":{"rendered":"<p class=\"s4\"><span class=\"s3\">Valo luonnossa vieh\u00e4tt\u00e4\u00e4 minua muuttuvana, liikkuvana ja rauhoittavana voimana. <\/span><\/p>\n<p class=\"s4\"><span class=\"s3\">Kuljen<\/span><span class=\"s3\"> siell\u00e4<\/span><span class=\"s3\"> kuin lumotussa maassa, jossa tapahtuu koko ajan. Tapahtumat ovat tavallisia arjen <\/span><span class=\"s3\">asioita<\/span><span class=\"s3\">, mutta silti jokin pieni vivahde luo tilanteeseen uutta. <\/span><span class=\"s3\">Koen ne<\/span><span class=\"s3\"> t\u00f6iss\u00e4ni kohtaamisi<\/span><span class=\"s3\">na<\/span><span class=\"s3\">. Olen voinut n\u00e4hd\u00e4 ne joko vilahduksen omaisesti tai l\u00e4hes vierest\u00e4 tarkkailemalla. P\u00e4\u00e4osaan nousevat sek\u00e4 el\u00e4imet, joita olen seurannut hyvin l\u00e4helt\u00e4, ett\u00e4 valon muuttuminen aamun h\u00e4m\u00e4r\u00e4st\u00e4 kirkkaaseen tai tummaan p\u00e4iv\u00e4\u00e4n, taittuen illaksi ja y\u00f6ksi. <\/span><\/p>\n<p class=\"s4\">\n<p class=\"s4\"><span class=\"s3\">Yhdistelen koettuja asioita t\u00f6ihini ehk\u00e4 palan sielt\u00e4 toisen t\u00e4\u00e4lt\u00e4, kunnes tavoitan haluamani tunnelman. <\/span><\/p>\n<p class=\"s4\"><span class=\"s3\">Taidegrafiikan tekemisess\u00e4 minua kiehtoo tekemisen tapa n\u00e4hd\u00e4 kuva peilikuvan kautta, kuin kurkistaen tulevaan teokseen. Yll\u00e4tykset kuuluvat asiaan ja tuovat ty\u00f6h\u00f6ni mukavaa j\u00e4nnitett\u00e4. J\u00e4t\u00e4n teoksiini my\u00f6s oman k\u00e4den j\u00e4ljen vedostamisen kautta.<\/span><\/p>\n<p class=\"s4\"><span class=\"s3\">Hienointa on rakentaa tilaan teemallisia maailmoita yhdist\u00e4en tila- ja valoteoksia yhten\u00e4iseksi kokonaisuudeksi.<\/span><\/p>\n<p class=\"s4\"><a href=\"https:\/\/kuvataiteilijamatrikkeli.fi\/taiteilija\/heta-jaana-kananen\"><span class=\"s3\">Kuvataiteilijamatrikkeli<\/span><\/a><\/p>\n<p>&nbsp;<\/p>\n<p><img loading=\"lazy\" decoding=\"async\" class=\"alignnone size-medium wp-image-1573\" src=\"http:\/\/kotkantaiteilijaseura.net\/sivut\/wp-content\/uploads\/2019\/09\/kasteiselta-300x199.jpg\" alt=\"\" width=\"300\" height=\"199\" srcset=\"http:\/\/kotkantaiteilijaseura.net\/sivut\/wp-content\/uploads\/2019\/09\/kasteiselta-300x199.jpg 300w, http:\/\/kotkantaiteilijaseura.net\/sivut\/wp-content\/uploads\/2019\/09\/kasteiselta-768x512.jpg 768w, http:\/\/kotkantaiteilijaseura.net\/sivut\/wp-content\/uploads\/2019\/09\/kasteiselta-1024x678.jpg 1024w, http:\/\/kotkantaiteilijaseura.net\/sivut\/wp-content\/uploads\/2019\/09\/kasteiselta-1370x913.jpg 1370w, http:\/\/kotkantaiteilijaseura.net\/sivut\/wp-content\/uploads\/2019\/09\/kasteiselta-500x333.jpg 500w, http:\/\/kotkantaiteilijaseura.net\/sivut\/wp-content\/uploads\/2019\/09\/kasteiselta.jpg 1920w\" sizes=\"(max-width: 300px) 100vw, 300px\" \/>\u00a0<img loading=\"lazy\" decoding=\"async\" class=\"alignnone size-medium wp-image-1574\" src=\"http:\/\/kotkantaiteilijaseura.net\/sivut\/wp-content\/uploads\/2019\/09\/Kev\u00e4\u00e4ntuoksu-300x200.jpg\" alt=\"\" width=\"300\" height=\"200\" srcset=\"http:\/\/kotkantaiteilijaseura.net\/sivut\/wp-content\/uploads\/2019\/09\/Kev\u00e4\u00e4ntuoksu-300x200.jpg 300w, http:\/\/kotkantaiteilijaseura.net\/sivut\/wp-content\/uploads\/2019\/09\/Kev\u00e4\u00e4ntuoksu-768x512.jpg 768w, http:\/\/kotkantaiteilijaseura.net\/sivut\/wp-content\/uploads\/2019\/09\/Kev\u00e4\u00e4ntuoksu-1024x682.jpg 1024w, http:\/\/kotkantaiteilijaseura.net\/sivut\/wp-content\/uploads\/2019\/09\/Kev\u00e4\u00e4ntuoksu-1370x913.jpg 1370w, http:\/\/kotkantaiteilijaseura.net\/sivut\/wp-content\/uploads\/2019\/09\/Kev\u00e4\u00e4ntuoksu-500x333.jpg 500w, http:\/\/kotkantaiteilijaseura.net\/sivut\/wp-content\/uploads\/2019\/09\/Kev\u00e4\u00e4ntuoksu.jpg 1920w\" sizes=\"(max-width: 300px) 100vw, 300px\" \/><\/p>\n<p><img loading=\"lazy\" decoding=\"async\" class=\"alignnone size-medium wp-image-1575\" src=\"http:\/\/kotkantaiteilijaseura.net\/sivut\/wp-content\/uploads\/2019\/09\/imatran-taidemuseo-2015-300x200.jpg\" alt=\"\" width=\"300\" height=\"200\" srcset=\"http:\/\/kotkantaiteilijaseura.net\/sivut\/wp-content\/uploads\/2019\/09\/imatran-taidemuseo-2015-300x200.jpg 300w, http:\/\/kotkantaiteilijaseura.net\/sivut\/wp-content\/uploads\/2019\/09\/imatran-taidemuseo-2015-768x512.jpg 768w, http:\/\/kotkantaiteilijaseura.net\/sivut\/wp-content\/uploads\/2019\/09\/imatran-taidemuseo-2015-1024x683.jpg 1024w, http:\/\/kotkantaiteilijaseura.net\/sivut\/wp-content\/uploads\/2019\/09\/imatran-taidemuseo-2015-1370x913.jpg 1370w, http:\/\/kotkantaiteilijaseura.net\/sivut\/wp-content\/uploads\/2019\/09\/imatran-taidemuseo-2015-500x333.jpg 500w, http:\/\/kotkantaiteilijaseura.net\/sivut\/wp-content\/uploads\/2019\/09\/imatran-taidemuseo-2015.jpg 1920w\" sizes=\"(max-width: 300px) 100vw, 300px\" \/>\u00a0<img loading=\"lazy\" decoding=\"async\" class=\"alignnone size-medium wp-image-1577\" src=\"http:\/\/kotkantaiteilijaseura.net\/sivut\/wp-content\/uploads\/2019\/09\/nuotio-mets\u00e4ss\u00e4-300x193.jpg\" alt=\"\" width=\"300\" height=\"193\" srcset=\"http:\/\/kotkantaiteilijaseura.net\/sivut\/wp-content\/uploads\/2019\/09\/nuotio-mets\u00e4ss\u00e4-300x193.jpg 300w, http:\/\/kotkantaiteilijaseura.net\/sivut\/wp-content\/uploads\/2019\/09\/nuotio-mets\u00e4ss\u00e4-768x494.jpg 768w, http:\/\/kotkantaiteilijaseura.net\/sivut\/wp-content\/uploads\/2019\/09\/nuotio-mets\u00e4ss\u00e4-1024x659.jpg 1024w, http:\/\/kotkantaiteilijaseura.net\/sivut\/wp-content\/uploads\/2019\/09\/nuotio-mets\u00e4ss\u00e4-1370x882.jpg 1370w, http:\/\/kotkantaiteilijaseura.net\/sivut\/wp-content\/uploads\/2019\/09\/nuotio-mets\u00e4ss\u00e4.jpg 1920w\" sizes=\"(max-width: 300px) 100vw, 300px\" \/><\/p>\n","protected":false},"excerpt":{"rendered":"<p>Valo luonnossa vieh\u00e4tt\u00e4\u00e4 minua muuttuvana, liikkuvana ja rauhoittavana voimana. Kuljen siell\u00e4 kuin lumotussa maassa, jossa tapahtuu koko ajan. Tapahtumat ovat tavallisia arjen asioita, mutta silti jokin pieni vivahde luo tilanteeseen&#8230;<\/p>\n","protected":false},"author":2,"featured_media":1576,"comment_status":"closed","ping_status":"open","sticky":false,"template":"","format":"standard","meta":{"footnotes":""},"categories":[42,26],"tags":[],"_links":{"self":[{"href":"http:\/\/kotkantaiteilijaseura.net\/sivut\/wp-json\/wp\/v2\/posts\/1572"}],"collection":[{"href":"http:\/\/kotkantaiteilijaseura.net\/sivut\/wp-json\/wp\/v2\/posts"}],"about":[{"href":"http:\/\/kotkantaiteilijaseura.net\/sivut\/wp-json\/wp\/v2\/types\/post"}],"author":[{"embeddable":true,"href":"http:\/\/kotkantaiteilijaseura.net\/sivut\/wp-json\/wp\/v2\/users\/2"}],"replies":[{"embeddable":true,"href":"http:\/\/kotkantaiteilijaseura.net\/sivut\/wp-json\/wp\/v2\/comments?post=1572"}],"version-history":[{"count":1,"href":"http:\/\/kotkantaiteilijaseura.net\/sivut\/wp-json\/wp\/v2\/posts\/1572\/revisions"}],"predecessor-version":[{"id":1578,"href":"http:\/\/kotkantaiteilijaseura.net\/sivut\/wp-json\/wp\/v2\/posts\/1572\/revisions\/1578"}],"wp:featuredmedia":[{"embeddable":true,"href":"http:\/\/kotkantaiteilijaseura.net\/sivut\/wp-json\/wp\/v2\/media\/1576"}],"wp:attachment":[{"href":"http:\/\/kotkantaiteilijaseura.net\/sivut\/wp-json\/wp\/v2\/media?parent=1572"}],"wp:term":[{"taxonomy":"category","embeddable":true,"href":"http:\/\/kotkantaiteilijaseura.net\/sivut\/wp-json\/wp\/v2\/categories?post=1572"},{"taxonomy":"post_tag","embeddable":true,"href":"http:\/\/kotkantaiteilijaseura.net\/sivut\/wp-json\/wp\/v2\/tags?post=1572"}],"curies":[{"name":"wp","href":"https:\/\/api.w.org\/{rel}","templated":true}]}}